{"id":18149,"date":"2026-04-09T11:11:50","date_gmt":"2026-04-09T17:11:50","guid":{"rendered":"https:\/\/mundodigitalmx.net\/?p=18149"},"modified":"2026-04-09T11:12:03","modified_gmt":"2026-04-09T17:12:03","slug":"benjamin-netanyahu-informo-que-israel-mantendra-conversaciones-de-paz-directas-con-el-libano","status":"publish","type":"post","link":"https:\/\/mundodigitalmx.net\/index.php\/2026\/04\/09\/benjamin-netanyahu-informo-que-israel-mantendra-conversaciones-de-paz-directas-con-el-libano\/","title":{"rendered":"Benjamin Netanyahu inform\u00f3 que Israel mantendr\u00e1 conversaciones de paz directas con el L\u00edbano"},"content":{"rendered":"\n<h2 class=\"wp-block-heading\">El primer ministro indic\u00f3 que los di\u00e1logos se centrar\u00e1n en el desarme del grupo terrorista Hezbollah y en el establecimiento de relaciones pac\u00edficas entre los pa\u00edses<\/h2>\n\n\n\n<p>09 Abr, 2026 <img loading=\"lazy\" decoding=\"async\" height=\"2525\" width=\"3788\" src=\"https:\/\/www.infobae.com\/resizer\/v2\/T2RZ5WCHBRE4DMVJTNCG5HZNNQ.JPG?auth=5d28fe7939bb4a92135cfcb8062d737f2abc33d2c5ca40e91f799c67bd7567bf&amp;smart=true&amp;width=350&amp;height=233&amp;quality=85\" alt=\"El primer ministro israel\u00ed, Benjamin Netanyahu (REUTERS\/Ronen Zvulun)\">El primer ministro israel\u00ed, Benjamin Netanyahu <\/p>\n\n\n\n<p>El primer ministro de Israel,&nbsp;<strong>Benjamin Netanyahu<\/strong>, inform\u00f3 este jueves que su pa\u00eds iniciar\u00e1 negociaciones con el L\u00edbano \u201c<strong>lo antes posible<\/strong>\u201d, seg\u00fan declar\u00f3 en un comunicado.<\/p>\n\n\n\n<p><a href=\"https:\/\/www.infobae.com\/america\/mundo\/2026\/04\/09\/rusia-desafio-al-reino-unido-y-escolto-petroleros-de-su-flota-fantasma-por-el-estrecho-de-la-mancha\/\" target=\"_blank\" rel=\"noreferrer noopener\"><\/a><\/p>\n\n\n\n<figure class=\"wp-block-image\"><a class=\"recommended-card recommended-card--infobae recommended-card--first\" href=\"https:\/\/www.infobae.com\/america\/mundo\/2026\/04\/09\/rusia-desafio-al-reino-unido-y-escolto-petroleros-de-su-flota-fantasma-por-el-estrecho-de-la-mancha\/\" target=\"_blank\" rel=\"noreferrer noopener\"><img decoding=\"async\" src=\"https:\/\/www.infobae.com\/resizer\/v2\/2OKUUW76PFEJZD3XSVQ5L2LD5Q.jpg?auth=05b806ab2f4b3d64c07432fc290554015d388d9a44d30d834b3ec3649a79efee&amp;smart=true&amp;width=256&amp;height=140&amp;quality=85\" alt=\"Rusia desafi\u00f3 al Reino Unido y escolt\u00f3 petroleros de su flota fantasma por el canal de la Mancha\"\/><\/a><\/figure>\n\n\n\n<p><a href=\"https:\/\/www.infobae.com\/america\/mundo\/2026\/04\/09\/rusia-desafio-al-reino-unido-y-escolto-petroleros-de-su-flota-fantasma-por-el-estrecho-de-la-mancha\/\" target=\"_blank\" rel=\"noreferrer noopener\">Te puede interesar:<strong>Rusia desafi\u00f3 al Reino Unido y escolt\u00f3 petroleros de su flota fantasma por el canal de la Mancha<\/strong><\/a><a href=\"https:\/\/www.infobae.com\/america\/mundo\/2026\/04\/09\/rusia-desafio-al-reino-unido-y-escolto-petroleros-de-su-flota-fantasma-por-el-estrecho-de-la-mancha\/\" target=\"_blank\" rel=\"noreferrer noopener\"><\/a><\/p>\n\n\n\n<p>\u201cAnte los reiterados llamamientos del L\u00edbano para que se inicien negociaciones directas con Israel, ayer&nbsp;<strong>di instrucciones al gabinete para que comenzara las negociaciones directas con el L\u00edbano lo antes posible<\/strong>\u201d, expres\u00f3.<\/p>\n\n\n\n<p>Los di\u00e1logos se centrar\u00e1n en el&nbsp;<strong>desarme del grupo terrorista Hezbollah<\/strong>&nbsp;y en el&nbsp;<strong>establecimiento de relaciones pac\u00edficas<\/strong>&nbsp;entre Israel y el L\u00edbano, inform\u00f3 Netanyahu.<\/p>\n\n\n\n<p><a href=\"https:\/\/www.infobae.com\/america\/mundo\/2026\/04\/09\/israel-confirmo-la-muerte-de-ali-yusef-harshi-secretario-de-naim-qasem-lider-del-grupo-terrorista-hezbollah\/\" target=\"_blank\" rel=\"noreferrer noopener\"><\/a><\/p>\n\n\n\n<figure class=\"wp-block-image\"><a class=\"recommended-card recommended-card--infobae recommended-card--first\" href=\"https:\/\/www.infobae.com\/america\/mundo\/2026\/04\/09\/israel-confirmo-la-muerte-de-ali-yusef-harshi-secretario-de-naim-qasem-lider-del-grupo-terrorista-hezbollah\/\" target=\"_blank\" rel=\"noreferrer noopener\"><img decoding=\"async\" src=\"https:\/\/www.infobae.com\/resizer\/v2\/MV6NDVVTNVM56F2U4N72I7BOUM.jpg?auth=510c45626f5580c7eb452b960b300f163445b9314307fc4b7397d0c08f037107&amp;smart=true&amp;width=256&amp;height=140&amp;quality=85\" alt=\"Israel confirm\u00f3 la muerte de Al\u00ed Yusef Harshi, secretario de Naim Qasem, l\u00edder del grupo terrorista Hezbollah\"\/><\/a><\/figure>\n\n\n\n<p><a href=\"https:\/\/www.infobae.com\/america\/mundo\/2026\/04\/09\/israel-confirmo-la-muerte-de-ali-yusef-harshi-secretario-de-naim-qasem-lider-del-grupo-terrorista-hezbollah\/\" target=\"_blank\" rel=\"noreferrer noopener\">Te puede interesar:<strong>Israel confirm\u00f3 la muerte de Al\u00ed Yusef Harshi, secretario de Naim Qasem, l\u00edder del grupo terrorista Hezbollah<\/strong><\/a><a href=\"https:\/\/www.infobae.com\/america\/mundo\/2026\/04\/09\/israel-confirmo-la-muerte-de-ali-yusef-harshi-secretario-de-naim-qasem-lider-del-grupo-terrorista-hezbollah\/\" target=\"_blank\" rel=\"noreferrer noopener\"><\/a><\/p>\n\n\n\n<p>Tambi\u00e9n se\u00f1al\u00f3 que Israel \u201c<strong>agradece el llamamiento realizado hoy por el primer ministro del L\u00edbano para desmilitarizar Beirut<\/strong>\u201d.<\/p>\n\n\n\n<p>El anuncio del primer ministro de Israel lleg\u00f3 luego de que el presidente del Parlamento iran\u00ed,&nbsp;<strong>Mohamad Baqer Qalibaf<\/strong>, afirm\u00f3 que&nbsp;<a href=\"https:\/\/www.infobae.com\/america\/mundo\/2026\/04\/09\/el-regimen-de-iran-amenazo-con-romper-el-alto-al-fuego-si-continuan-los-ataques-contra-los-terroristas-de-hezbollah-en-el-libano\/\" target=\"_blank\" rel=\"noreferrer noopener\"><strong>el L\u00edbano est\u00e1 incluido en la tregua pactada con Estados Unidos<\/strong><\/a>&nbsp;y advirti\u00f3 que cualquier violaci\u00f3n al alto el fuego recibir\u00eda una respuesta contundente.<a href=\"https:\/\/www.infobae.com\/america\/mundo\/2026\/04\/09\/el-ejercito-de-israel-abatio-a-un-terrorista-de-hamas-que-operaba-en-gaza-bajo-el-disfraz-de-periodista\/\" target=\"_blank\" rel=\"noreferrer noopener\"><\/a><\/p>\n\n\n\n<p>\u201c<strong>L\u00edbano<\/strong>&nbsp;y todo el&nbsp;<strong>Eje de la Resistencia<\/strong>, como aliados de&nbsp;<strong>Ir\u00e1n<\/strong>, forman parte indisoluble del alto el fuego. (Punto 1 de la propuesta de 10 puntos)\u201d, public\u00f3 Qalibaf en X, consolid\u00e1ndose como uno de los actores pol\u00edticos m\u00e1s influyentes en su pa\u00eds.<img loading=\"lazy\" decoding=\"async\" alt=\"Un soldado israel\u00ed gesticula mientras camina junto a veh\u00edculos militares, despu\u00e9s de que las fuerzas de Israel lanzaran una nueva campa\u00f1a contra Hezbollah en el sur de L\u00edbano, cerca de la frontera entre Israel y L\u00edbano, en el norte de Israel, 30 de marzo de 2026 (REUTERS\/Shir Torem)\" height=\"3668\" width=\"5500\" src=\"https:\/\/www.infobae.com\/resizer\/v2\/SKV34HVPNBA3FNSAYCVN2FHTIE.JPG?auth=a6fad9a339f83099c46dc1a37d79bd114944bbfb5e89ebda397eb4f1820687fb&amp;smart=true&amp;width=350&amp;height=233&amp;quality=85\">Un soldado israel\u00ed gesticula mientras camina junto a veh\u00edculos militares, despu\u00e9s de que las fuerzas de Israel lanzaran una nueva campa\u00f1a contra Hezbollah en el sur de L\u00edbano, cerca de la frontera entre Israel y L\u00edbano, en el norte de Israel, 30 de marzo de 2026 (REUTERS\/Shir Torem)<\/p>\n\n\n\n<p>El ex guardia revolucionario reiter\u00f3 que las violaciones al \u201c<strong>alto el fuego tendr\u00e1n costes expl\u00edcitos y fuertes respuestas<\/strong>\u201d.<\/p>\n\n\n\n<p>\u201c<strong>Detengan el fuego inmediatamente<\/strong>\u201d, exigi\u00f3 en referencia a los ataques de&nbsp;<strong>Israel<\/strong>&nbsp;contra el&nbsp;<strong>L\u00edbano<\/strong>.<\/p>\n\n\n\n<p><strong>Ir\u00e1n<\/strong>&nbsp;y&nbsp;<strong>Estados Unidos<\/strong>&nbsp;acordaron un alto el fuego de dos semanas para negociar el fin de la guerra iniciada el 28 de febrero.<\/p>\n\n\n\n<p>Horas despu\u00e9s,&nbsp;<strong>Israel<\/strong>&nbsp;lanz\u00f3 una ofensiva sobre el&nbsp;<strong>L\u00edbano<\/strong>, lo que gener\u00f3 cr\u00edticas desde el r\u00e9gimen de Teher\u00e1n, que sostiene que el pa\u00eds \u00e1rabe est\u00e1 bajo la protecci\u00f3n de la tregua.<\/p>\n\n\n\n<p>Por su parte,&nbsp;<strong>Estados Unidos niega que el L\u00edbano forme parte de ese acuerdo<\/strong>.<\/p>\n\n\n\n<p>Est\u00e1 previsto que ambos rivales se re\u00fanan el s\u00e1bado en&nbsp;<strong>Islamabad<\/strong>&nbsp;para negociar el cese definitivo del conflicto, mientras la tregua se mantiene en estado fr\u00e1gil.<\/p>\n\n\n\n<p>Tras el alto el fuego en&nbsp;<strong>Ir\u00e1n<\/strong>,&nbsp;<strong>Israel<\/strong>&nbsp;realiz\u00f3 ataques a m\u00e1s de 100 objetivos en el&nbsp;<strong>L\u00edbano<\/strong>, incrementando la tensi\u00f3n en una zona que&nbsp;<strong>Teher\u00e1n<\/strong>&nbsp;considera clave para sostener el pacto con&nbsp;<strong>Estados Unidos<\/strong>.<img loading=\"lazy\" decoding=\"async\" alt=\"Un buque de carga en el golfo P\u00e9rsico, cerca del Estrecho de Ormuz (REUTERS\/Stringer\/Archivo)\" height=\"531\" width=\"800\" src=\"https:\/\/www.infobae.com\/resizer\/v2\/EA44TW5JZNAK5J7CK4VTWR5VQ4.JPG?auth=5e3daa4ef57dd2f735cfa6cac6c0526903979e6f38ca79e4460c02f6bd0e9d35&amp;smart=true&amp;width=350&amp;height=232&amp;quality=85\">Un buque de carga en el golfo P\u00e9rsico, cerca del Estrecho de Ormuz (REUTERS\/Stringer\/Archivo)<\/p>\n\n\n\n<h2 class=\"wp-block-heading\" id=\"article-headline emiratos-arabes-unidos-exige-a-iran-el-cumplimiento-de-la-tregua\">Emiratos \u00c1rabes Unidos exige a Ir\u00e1n el cumplimiento de la tregua<\/h2>\n\n\n\n<p>En otro orden, el Ministerio de Asuntos Exteriores de&nbsp;<strong>Emiratos \u00c1rabes Unidos<\/strong>&nbsp;subray\u00f3 su expectativa de que el r\u00e9gimen teocr\u00e1tico de Ir\u00e1n cumpla de forma estricta&nbsp;<strong>el alto al fuego<\/strong>&nbsp;anunciado entre Estados Unidos y Teher\u00e1n, y&nbsp;<strong>reclam\u00f3 la reapertura inmediata y total del Estrecho de Ormuz<\/strong>&nbsp;tras una ola de ataques desde el 28 de febrero que incluy\u00f3 el lanzamiento de 2.819 misiles bal\u00edsticos y de crucero y el uso de drones contra infraestructuras, instalaciones energ\u00e9ticas y zonas civiles en la regi\u00f3n.<\/p>\n\n\n\n<p>Las autoridades emirat\u00edes solicitaron detalles precisos sobre las condiciones del acuerdo, con el objetivo de verificar el compromiso iran\u00ed con el fin inmediato de todas las acciones militares en el Golfo y la reanudaci\u00f3n sin restricciones del paso mar\u00edtimo estrat\u00e9gico de Ormuz.<\/p>\n\n\n\n<p>El comunicado oficial destaca que los ataques atribuidos a Ir\u00e1n en los \u00faltimos 40 d\u00edas provocaron p\u00e9rdidas humanas y materiales y afectaron infraestructuras clave, incluidas las energ\u00e9ticas.<\/p>\n\n\n\n<p>El Ministerio de Asuntos Exteriores remarc\u00f3 la necesidad de que Ir\u00e1n asuma plena responsabilidad por estos da\u00f1os y se haga cargo de las reparaciones correspondientes. \u201c<strong>Estos actos requieren una postura firme<\/strong>\u201d, se\u00f1ala el documento, que reclama que la comunidad internacional garantice la rendici\u00f3n de cuentas.<\/p>\n\n\n\n<p><\/p>\n","protected":false},"excerpt":{"rendered":"<p>El primer ministro indic\u00f3 que los di\u00e1logos se centrar\u00e1n en el desarme del grupo terrorista Hezbollah y en el establecimiento de relaciones pac\u00edficas entre los pa\u00edses 09 Abr, 2026 El primer ministro israel\u00ed, Benjamin Netanyahu El primer ministro de Israel,&nbsp;Benjamin Netanyahu, inform\u00f3 este jueves que su pa\u00eds iniciar\u00e1 negociaciones con el L\u00edbano \u201clo antes posible\u201d, &hellip;<\/p>\n","protected":false},"author":2,"featured_media":18150,"comment_status":"closed","ping_status":"closed","sticky":false,"template":"","format":"standard","meta":{"footnotes":""},"categories":[38],"tags":[],"class_list":["post-18149","post","type-post","status-publish","format-standard","has-post-thumbnail","","category-internacional"],"_links":{"self":[{"href":"https:\/\/mundodigitalmx.net\/index.php\/wp-json\/wp\/v2\/posts\/18149","targetHints":{"allow":["GET"]}}],"collection":[{"href":"https:\/\/mundodigitalmx.net\/index.php\/wp-json\/wp\/v2\/posts"}],"about":[{"href":"https:\/\/mundodigitalmx.net\/index.php\/wp-json\/wp\/v2\/types\/post"}],"author":[{"embeddable":true,"href":"https:\/\/mundodigitalmx.net\/index.php\/wp-json\/wp\/v2\/users\/2"}],"replies":[{"embeddable":true,"href":"https:\/\/mundodigitalmx.net\/index.php\/wp-json\/wp\/v2\/comments?post=18149"}],"version-history":[{"count":1,"href":"https:\/\/mundodigitalmx.net\/index.php\/wp-json\/wp\/v2\/posts\/18149\/revisions"}],"predecessor-version":[{"id":18151,"href":"https:\/\/mundodigitalmx.net\/index.php\/wp-json\/wp\/v2\/posts\/18149\/revisions\/18151"}],"wp:featuredmedia":[{"embeddable":true,"href":"https:\/\/mundodigitalmx.net\/index.php\/wp-json\/wp\/v2\/media\/18150"}],"wp:attachment":[{"href":"https:\/\/mundodigitalmx.net\/index.php\/wp-json\/wp\/v2\/media?parent=18149"}],"wp:term":[{"taxonomy":"category","embeddable":true,"href":"https:\/\/mundodigitalmx.net\/index.php\/wp-json\/wp\/v2\/categories?post=18149"},{"taxonomy":"post_tag","embeddable":true,"href":"https:\/\/mundodigitalmx.net\/index.php\/wp-json\/wp\/v2\/tags?post=18149"}],"curies":[{"name":"wp","href":"https:\/\/api.w.org\/{rel}","templated":true}]}}