{"id":12940,"date":"2026-01-21T19:56:35","date_gmt":"2026-01-22T01:56:35","guid":{"rendered":"https:\/\/mundodigitalmx.net\/?p=12940"},"modified":"2026-01-21T19:56:36","modified_gmt":"2026-01-22T01:56:36","slug":"expediente-claudia-en-donde-llegaron-sus-abuelos","status":"publish","type":"post","link":"https:\/\/mundodigitalmx.net\/index.php\/2026\/01\/21\/expediente-claudia-en-donde-llegaron-sus-abuelos\/","title":{"rendered":"Expediente\u2026\u00a0Claudia, en donde llegaron sus abuelos\u00a0"},"content":{"rendered":"\n<p>Expediente&nbsp;<\/p>\n\n\n\n<p>Azahel Jaramillo H.&nbsp;<\/p>\n\n\n\n<p>Claudia, en donde llegaron sus abuelos&nbsp; &nbsp;<\/p>\n\n\n\n<p><strong>&nbsp; &nbsp; &nbsp; &nbsp; &nbsp; &nbsp; &nbsp;La agenda de la Presidenta Claudia Sheinbaum Pardo marca que este fin de semana ella estar\u00e1 en gira de trabajo en Tamaulipas y concretamente el domingo 25 estar\u00e1 en Nuevo Laredo. Es posible que la Presidenta Claudia recuerde o alguien le recuerde que sus abuelos, huyendo de Europa, pisaron por primera vez suelo mexicano precisamente en Nuevo Laredo.&nbsp;<\/strong><\/p>\n\n\n\n<p><strong>&nbsp; &nbsp; &nbsp; &nbsp; &nbsp; &nbsp; &nbsp; Y que el investigador Andrew&nbsp; Silverstein se\u00f1ala que los abuelos maternos, de la hoy Presidenta de M\u00e9xico &#8220;en la primavera de 1946, abandononar\u00f3n Palestina. Se detuvieron en Le Havre, Francia, antes de atracar en Nueva York el 4 de junio, seg\u00fan el registro de pasajeros del&nbsp;<em>SS Uruguay<\/em>&nbsp;&#8220;.<\/strong><\/p>\n\n\n\n<p><strong>&nbsp; &nbsp; &nbsp; &nbsp; &nbsp; &nbsp; Dicho registro de pasajeros indica-dice Andew&#8211; que &#8220;l a familia dio el Hotel Nevada en el Upper West Side de Manhattan como direcci\u00f3n en Nueva York, y Laredo, Texas, como destino final en Estados Unidos&#8221;.&nbsp;<\/strong><\/p>\n\n\n\n<p><strong>&nbsp; &nbsp; &nbsp; &nbsp; &nbsp; &nbsp; &nbsp; &nbsp;Y agrega: &#8220;Desde Laredo, ciudad fronteriza, se dirigieron a M\u00e9xico, (ingresando desde luego a Nuevo Laredo)&nbsp; donde fueron&nbsp;inscritos en el Registro Nacional de Extranjeros el 2 de agosto de 1946, seg\u00fan los documentos de naturalizaci\u00f3n que presentaron a\u00f1os despu\u00e9s.<\/strong><\/p>\n\n\n\n<p><strong>&nbsp; &nbsp; &nbsp; &nbsp; &nbsp; &nbsp; &nbsp; &nbsp;He de compartirles que la informaci\u00f3n de Andrew Silverstein me fue enviada por el Lic. Carlos F. Salinas , quien en el sexenio de Miguel de la Madrid se desempe\u00f1\u00f3 como delegado estatal del CISEN (Centro de Investigaci\u00f3n y Seguridad Nacional), agencia de inteligencia enfocada en trabajar para proteger la seguridad nacional. Y posteriormente el Lic. Carlos fue delegado de la PROFECO en Nuevo Laredo.&nbsp;<\/strong><\/p>\n\n\n\n<p><strong>&nbsp; &nbsp; &nbsp; &nbsp; &nbsp; &nbsp; &nbsp;En esta visita presidencial por Nuevo Laredo, Reynosa y Victoria, el anfitri\u00f3n ser\u00e1 desde luego el Gobernador Am\u00e9rico Villareal. Es mi reporte Joaquin.<\/strong><\/p>\n\n\n\n<p><strong>&nbsp; &nbsp; &nbsp; &nbsp; &nbsp; &nbsp; &nbsp; &nbsp; &nbsp; &nbsp; &nbsp; &nbsp; &nbsp; &nbsp; INQUIETUD EN EL ISSSTE TAMAULIPAS&nbsp;<\/strong><\/p>\n\n\n\n<p><strong>&nbsp; &nbsp; &nbsp; &nbsp; &nbsp;Les comparto que en oficinas y unidades hospitalarias del ISSSTE Tamaulipas hay por estos d\u00edas bastante inquietud entre el personal. Y ello se debe a la mala fama,al desprestigio que carga el flamante engargado de la Subdelegaci\u00f3n administrativa, Luis Fernando Mansilla Bernal. dado que esta persona trabaj\u00f3 antes en el IMSS y tuvo se\u00f1alamientos de deshonestidad.<\/strong><\/p>\n\n\n\n<p><strong>&nbsp; &nbsp;Y entre los se\u00f1alamientos contra Mansilla Bernal\u2014cuando&nbsp; estuvo en el IMSS&#8211; vale anotar la denuncia p\u00fablica del proveedor Distribuidor M\u00e9dico (DIMED), del Sr. Gerardo Plascencia Gonz\u00e1lez, quien revel\u00f3 que mensualmente Mansilla Bernal (cuando era director de Servicios Administrativos del IMSS en Tamaulipas) le pide desde 200 mil pesos y hasta un mill\u00f3n, &#8220;cantidades que le son entregadas en su mano en la Ciudad de M\u00e9xico,en un edificio de Polanco a un costado del Museo Soumaya&#8221;. As\u00ed las cosas en el ISSSTE Tamaulipas, donde flota entre m\u00e9dicos y personal adminsitrativo si es que acaso el abogado Mart\u00ed Batres Guadarrama, jefazo m\u00e1ximo nacional del ISSSTE, desconoce los antecedentes de Mansilla en el IMSS de Tamaulipas. NOS VEMOS.&nbsp; &nbsp; &nbsp; &nbsp; &nbsp; &nbsp; &nbsp; &nbsp; &nbsp; &nbsp; &nbsp; &nbsp; &nbsp; &nbsp;&nbsp;<\/strong><\/p>\n","protected":false},"excerpt":{"rendered":"<p>Expediente&nbsp; Azahel Jaramillo H.&nbsp; Claudia, en donde llegaron sus abuelos&nbsp; &nbsp; &nbsp; &nbsp; &nbsp; &nbsp; &nbsp; &nbsp; &nbsp;La agenda de la Presidenta Claudia Sheinbaum Pardo marca que este fin de semana ella estar\u00e1 en gira de trabajo en Tamaulipas y concretamente el domingo 25 estar\u00e1 en Nuevo Laredo. Es posible que la Presidenta Claudia recuerde &hellip;<\/p>\n","protected":false},"author":2,"featured_media":3613,"comment_status":"closed","ping_status":"closed","sticky":false,"template":"","format":"standard","meta":{"footnotes":""},"categories":[47],"tags":[],"class_list":["post-12940","post","type-post","status-publish","format-standard","has-post-thumbnail","","category-columnistas"],"_links":{"self":[{"href":"https:\/\/mundodigitalmx.net\/index.php\/wp-json\/wp\/v2\/posts\/12940","targetHints":{"allow":["GET"]}}],"collection":[{"href":"https:\/\/mundodigitalmx.net\/index.php\/wp-json\/wp\/v2\/posts"}],"about":[{"href":"https:\/\/mundodigitalmx.net\/index.php\/wp-json\/wp\/v2\/types\/post"}],"author":[{"embeddable":true,"href":"https:\/\/mundodigitalmx.net\/index.php\/wp-json\/wp\/v2\/users\/2"}],"replies":[{"embeddable":true,"href":"https:\/\/mundodigitalmx.net\/index.php\/wp-json\/wp\/v2\/comments?post=12940"}],"version-history":[{"count":1,"href":"https:\/\/mundodigitalmx.net\/index.php\/wp-json\/wp\/v2\/posts\/12940\/revisions"}],"predecessor-version":[{"id":12941,"href":"https:\/\/mundodigitalmx.net\/index.php\/wp-json\/wp\/v2\/posts\/12940\/revisions\/12941"}],"wp:featuredmedia":[{"embeddable":true,"href":"https:\/\/mundodigitalmx.net\/index.php\/wp-json\/wp\/v2\/media\/3613"}],"wp:attachment":[{"href":"https:\/\/mundodigitalmx.net\/index.php\/wp-json\/wp\/v2\/media?parent=12940"}],"wp:term":[{"taxonomy":"category","embeddable":true,"href":"https:\/\/mundodigitalmx.net\/index.php\/wp-json\/wp\/v2\/categories?post=12940"},{"taxonomy":"post_tag","embeddable":true,"href":"https:\/\/mundodigitalmx.net\/index.php\/wp-json\/wp\/v2\/tags?post=12940"}],"curies":[{"name":"wp","href":"https:\/\/api.w.org\/{rel}","templated":true}]}}